{"id":6274,"date":"2020-03-12T09:48:10","date_gmt":"2020-03-12T08:48:10","guid":{"rendered":"https:\/\/premiostrega.it\/PS\/?p=6274"},"modified":"2020-08-10T09:22:07","modified_gmt":"2020-08-10T07:22:07","slug":"la-misura-del-tempo","status":"publish","type":"post","link":"https:\/\/premiostrega.it\/PS\/la-misura-del-tempo\/","title":{"rendered":"La misura del tempo"},"content":{"rendered":"<p><img fetchpriority=\"high\" decoding=\"async\" class=\"alignleft size-full wp-image-6275\" src=\"https:\/\/premiostrega.it\/PS\/wp-content\/uploads\/2020\/02\/Carofiglio_cover.jpg\" alt=\"\" width=\"300\" height=\"447\" data-attachment=\"6275\" srcset=\"https:\/\/premiostrega.it\/PS\/wp-content\/uploads\/2020\/02\/Carofiglio_cover.jpg 300w, https:\/\/premiostrega.it\/PS\/wp-content\/uploads\/2020\/02\/Carofiglio_cover-201x300.jpg 201w\" sizes=\"(max-width: 300px) 100vw, 300px\" \/><\/p>\n<div class=\"book-author\">Gianrico Carofiglio<\/div>\n<div class=\"book-title\">La misura del tempo<\/div>\n<div class=\"book-editor\">Einaudi<\/div>\n<hr \/>\n<p><em>Proposto da<\/em><br \/>\n<strong>Sabino Cassese<\/strong><\/p>\n<p>\u00abUna donna, una persona ambigua e sfuggente, un vecchio amore, ricompare nella vita di un avvocato, attento ma insicuro (i due ritratti sono delineati con grande maestria) e gli chiede di difendere suo figlio, imputato di omicidio. Da qui si dipanano due storie, costruite in un montaggio alternato, alla Griffith, verso il passato di quell\u2019amore e il futuro della sentenza attesa. Una sapiente costruzione, in cui si riflettono le inquietudini del nostro tempo, e il cui protagonista \u00e8 proprio il tempo (donde il titolo), che si incarica di trovare una soluzione alle due storie. Dal processo emerger\u00e0 una nuova verit\u00e0, ma non un nuovo colpevole, che sar\u00e0 alla fine individuato in altro modo. Sotto queste vicende si nasconde un vero e proprio \u201cconte philosophique\u201d. Dietro l\u2019apparenza del \u201cgiallo\u201d si celano insegnamenti profondi: la pluralit\u00e0 dei punti di vista; i diversi modi in cui si presenta la realt\u00e0; l\u2019invito a dubitare della verit\u00e0 stessa. Due citazioni, una del capolavoro di Kurosawa e una di Canetti, in pagine diverse, rafforzano queste conclusioni. Carofiglio si conferma come una delle voci pi\u00f9 importanti della narrativa italiana.\u00bb<\/p>\n","protected":false},"excerpt":{"rendered":"<p>proposto da Sabino Cassese<\/p>\n","protected":false},"author":2,"featured_media":6275,"comment_status":"open","ping_status":"open","sticky":false,"template":"","format":"standard","meta":{"footnotes":""},"categories":[103,114],"tags":[],"class_list":["post-6274","post","type-post","status-publish","format-standard","has-post-thumbnail","hentry","category-recensioni","category-recensioni-2020"],"_links":{"self":[{"href":"https:\/\/premiostrega.it\/PS\/wp-json\/wp\/v2\/posts\/6274","targetHints":{"allow":["GET"]}}],"collection":[{"href":"https:\/\/premiostrega.it\/PS\/wp-json\/wp\/v2\/posts"}],"about":[{"href":"https:\/\/premiostrega.it\/PS\/wp-json\/wp\/v2\/types\/post"}],"author":[{"embeddable":true,"href":"https:\/\/premiostrega.it\/PS\/wp-json\/wp\/v2\/users\/2"}],"replies":[{"embeddable":true,"href":"https:\/\/premiostrega.it\/PS\/wp-json\/wp\/v2\/comments?post=6274"}],"version-history":[{"count":1,"href":"https:\/\/premiostrega.it\/PS\/wp-json\/wp\/v2\/posts\/6274\/revisions"}],"predecessor-version":[{"id":6276,"href":"https:\/\/premiostrega.it\/PS\/wp-json\/wp\/v2\/posts\/6274\/revisions\/6276"}],"wp:featuredmedia":[{"embeddable":true,"href":"https:\/\/premiostrega.it\/PS\/wp-json\/wp\/v2\/media\/6275"}],"wp:attachment":[{"href":"https:\/\/premiostrega.it\/PS\/wp-json\/wp\/v2\/media?parent=6274"}],"wp:term":[{"taxonomy":"category","embeddable":true,"href":"https:\/\/premiostrega.it\/PS\/wp-json\/wp\/v2\/categories?post=6274"},{"taxonomy":"post_tag","embeddable":true,"href":"https:\/\/premiostrega.it\/PS\/wp-json\/wp\/v2\/tags?post=6274"}],"curies":[{"name":"wp","href":"https:\/\/api.w.org\/{rel}","templated":true}]}}