{"id":9154,"date":"2022-03-31T13:00:37","date_gmt":"2022-03-31T11:00:37","guid":{"rendered":"https:\/\/premiostrega.it\/PS\/?p=9154"},"modified":"2025-07-17T12:36:22","modified_gmt":"2025-07-17T10:36:22","slug":"i-dodici-libri-candidati-alla-lxxvi-edizione-del-premio-strega","status":"publish","type":"post","link":"https:\/\/premiostrega.it\/PS\/i-dodici-libri-candidati-alla-lxxvi-edizione-del-premio-strega\/","title":{"rendered":"I dodici libri candidati alla LXXVI edizione del Premio Strega"},"content":{"rendered":"<p>Il <strong>Premio<\/strong> <strong>Strega<\/strong>, il riconoscimento letterario promosso da<strong> Fondazione Maria e Goffredo Bellonci <\/strong>e <strong>Liquore Strega<\/strong> con il contributo della <strong>Camera di Commercio di Roma<\/strong>, in collaborazione con <strong>BPER Banca<\/strong>, sponsor tecnico<strong> IBS.it<\/strong>, annuncia la selezione della dozzina della LXXVI edizione.<\/p>\n<figure id=\"attachment_9177\" aria-describedby=\"caption-attachment-9177\" style=\"width: 1280px\" class=\"wp-caption aligncenter\"><a href=\"https:\/\/premiostrega.it\/PS\/wp-content\/uploads\/2022\/03\/PS22dozzina_2022.jpg\"><img fetchpriority=\"high\" decoding=\"async\" class=\"size-full wp-image-9177\" src=\"https:\/\/premiostrega.it\/PS\/wp-content\/uploads\/2022\/03\/PS22dozzina_2022.jpg\" alt=\"immagine per I dodici libri candidati alla LXXVI edizione del Premio Strega\" width=\"1280\" height=\"854\" data-attachment=\"9177\" srcset=\"https:\/\/premiostrega.it\/PS\/wp-content\/uploads\/2022\/03\/PS22dozzina_2022.jpg 1280w, https:\/\/premiostrega.it\/PS\/wp-content\/uploads\/2022\/03\/PS22dozzina_2022-300x200.jpg 300w, https:\/\/premiostrega.it\/PS\/wp-content\/uploads\/2022\/03\/PS22dozzina_2022-1024x683.jpg 1024w, https:\/\/premiostrega.it\/PS\/wp-content\/uploads\/2022\/03\/PS22dozzina_2022-768x512.jpg 768w, https:\/\/premiostrega.it\/PS\/wp-content\/uploads\/2022\/03\/PS22dozzina_2022-450x300.jpg 450w, https:\/\/premiostrega.it\/PS\/wp-content\/uploads\/2022\/03\/PS22dozzina_2022-360x240.jpg 360w, https:\/\/premiostrega.it\/PS\/wp-content\/uploads\/2022\/03\/PS22dozzina_2022-750x500.jpg 750w\" sizes=\"(max-width: 1280px) 100vw, 1280px\" \/><\/a><figcaption id=\"caption-attachment-9177\" class=\"wp-caption-text\">\u00a9Musacchio, Ianniello, Pasqualini &amp; Fucilla<\/figcaption><\/figure>\n<p><em>\u00a0<\/em>Il Comitato direttivo del premio \u2013 composto da <strong>Pietro Abate<\/strong>, <strong>Giuseppe D\u2019Avino<\/strong>, <strong>Valeria Della Valle<\/strong>, <strong>Ernesto Ferrero<\/strong>, <strong>Alberto Foschini<\/strong>, <strong>Paolo Giordano<\/strong>, <strong>Dacia Maraini<\/strong>, <strong>Melania G. Mazzucco<\/strong> (presidente), <strong>Gabriele Pedull\u00e0<\/strong>, <strong>Stefano Petrocchi<\/strong>, <strong>Marino Sinibaldi<\/strong>, <strong>Antonio Scurati<\/strong> e <strong>Giovanni Solimine<\/strong> \u2013 ha scelto i <strong>12 candidati<\/strong> che si disputeranno l\u2019edizione 2022 tra i 74 titoli proposti quest\u2019anno dagli Amici della domenica.<\/p>\n<p>Questi i libri selezionati:<\/p>\n<ul>\n<li><strong>Marco Amerighi<\/strong>,\u00a0<em>Randagi<\/em>(Bollati Boringhieri)<br \/>\npresentato da Silvia Ballestra<\/li>\n<li><strong>Fabio Bac\u00e0<\/strong>,\u00a0<em>Nova\u00a0<\/em>(Adelphi)<br \/>\npresentato da Diego De Silva<\/li>\n<li><strong>Alessandro Bertante<\/strong>,\u00a0<em>Mordi e fuggi<\/em>(Baldini+Castoldi)<br \/>\npresentato da Luca Doninelli<\/li>\n<li><strong>Alessandra Carati<\/strong>,\u00a0<em>E poi saremo salvi<\/em>(Mondadori)<br \/>\npresentato da Andrea Vitali<\/li>\n<li><strong>Mario Desiati<\/strong>,\u00a0<em>Spatriati<\/em>(Einaudi)<br \/>\npresentato da Alessandro Piperno<\/li>\n<li><strong>Veronica Galletta<\/strong>, <em>Nina sull\u2019argine<\/em>, (minimum fax)<br \/>\npresentato da Gianluca Lioni<\/li>\n<li><strong>Jana Kar\u0161aiov\u00e1<\/strong>,\u00a0<em>Divorzio di velluto<\/em>(Feltrinelli)<br \/>\npresentato da Gad Lerner<\/li>\n<li><strong>Marino Magliani<\/strong>, <em>Il cannocchiale del tenente Dumont <\/em>(L\u2019Orma)<br \/>\npresentato da Giuseppe Conte<\/li>\n<li><strong>Davide Orecchio<\/strong>,\u00a0<em>Storia aperta<\/em>(Bompiani)<br \/>\npresentato da Martina Testa<\/li>\n<li><strong>Claudio Piersanti<\/strong>,\u00a0<em>Quel maledetto Vronskij<\/em>(Rizzoli)<br \/>\npresentato da Renata Colorni<\/li>\n<li><strong>Veronica Raimo<\/strong>,\u00a0<em>Niente di vero<\/em>(Einaudi)<br \/>\npresentato da Domenico Procacci<\/li>\n<li><strong>Daniela Ranieri<\/strong>, <em>Stradario aggiornato di tutti i miei baci\u00a0<\/em>(Ponte alle Grazie)<br \/>\npresentato da Loredana Lipperini<\/li>\n<\/ul>\n<p>\u00abLe 74 opere di narrativa proposte quest\u2019anno al premio Strega sono state scritte o completate nei due anni di pandemia, nell\u2019isolamento forzato e nella solitudine\u00bb ha dichiarato <strong>Melania G. Mazzucco<\/strong>, presidente del Comitato direttivo del premio. \u00abIn molti dei romanzi candidati i personaggi femminili \u2013 siano di finzione o di autofinzione \u2013 disegnano una nuova geografia umana. Donne non convenzionali, estranee agli stereotipi di genere. Bambine e ragazze anomale e diverse, amiche coraggiose, mogli divorziate, madri single, madri scriteriate, ossessivamente dedite ai figli o alla propria felicit\u00e0, donne non madri per desiderio di indipendenza, che fanno i conti con la loro vocazione alla libert\u00e0 e alla scrittura, e con l\u2019esercizio di professioni altamente specializzate cui fino a pochi anni fa era loro vietato l\u2019accesso. Voci graffianti e ironiche, saggiamente malinconiche o debordanti intelligenze, che testimoniano una svolta &#8211; ci auguriamo irreversibile &#8211; nella nostra societ\u00e0 e nella nostra letteratura\u00bb.<\/p>\n<p>I libri candidati saranno letti e votati da una giuria composta da<strong> 660<\/strong> aventi diritto. Ai voti degli Amici della domenica si aggiungono quelli espressi da studiosi, traduttori e appassionati della nostra lingua e letteratura selezionati dagli Istituti italiani di cultura all\u2019estero, lettori forti scelti da librerie indipendenti distribuite in tutta Italia, voti collettivi espressi da scuole, universita\u0300 e gruppi di lettura, tra i quali i circoli istituiti dalle Biblioteche di Roma.<\/p>\n<p>l libri in gara concorreranno inoltre alla IX edizione del Premio Strega Giovani e saranno letti e votati da una giuria composta da <strong>1.000 studentesse e<\/strong> <strong>studenti <\/strong>provenienti da scuole secondarie superiori in Italia e all\u2019estero.<\/p>\n<p>A giugno gli autori candidati e finalisti alla LXXVI edizione del Premio Strega saranno ospiti di festival e manifestazioni culturali in tutta Italia. La proclamazione della cinquina finalista si terr\u00e0 l\u2019<strong>8 giugno<\/strong> a <strong>Benevento<\/strong>, al Teatro Romano, alla presenza dei dodici candidati e del pubblico, mentre l\u2019elezione del vincitore si svolgera\u0300 giovedi\u0300 <strong>7 luglio <\/strong>al Museo Nazionale Etrusco di Villa Giulia.<\/p>\n<p>Tra i molti appuntamenti organizzati dalla Fondazione Bellonci, per tutto il 2022, in occasione del centoventesimo anniversario della sua nascita, verr\u00e0 ricordata con numerose iniziative culturali, <strong>Maria Bellonci<\/strong>, scrittrice e fondatrice del Premio Strega. Torneranno alcuni dei suoi libri pi\u00f9 amati e altri introvabili da tempo, riproposti in una nuova veste editoriale.<\/p>\n<p>A maggio uscir\u00e0 per Mondadori in Oscar Cult un\u2019edizione ampliata di\u00a0<strong><em>Lucrezia Borgia<\/em><\/strong>,\u00a0con l\u2019introduzione di <strong>Giulia Caminito<\/strong> e la riproposizione dell\u2019<em>Intervista impossibile<\/em> a Lucrezia scritta nel 1974 da Maria Bellonci per la Rai e andata in onda per il Secondo Programma della radio nell\u2019estate dello stesso anno.<\/p>\n<p>Inoltre, per la prima volta sar\u00e0 disponibile l\u2019audiolibro di <strong><em>Lucrezia Borgia<\/em><\/strong> letto da <strong>Anna Bonaiuto<\/strong> e pubblicato da Emons.<\/p>\n<p>L\u2019immagine che accompagner\u00e0 la LXXVI edizione \u00e8 stata realizzata da <strong>Olimpia Zagnoli<\/strong>, artista di fama internazionale: \u201cHo immaginato una strega contemporanea, che nella mia interpretazione \u00e8 un individuo che racchiude pi\u00f9 identit\u00e0.\u00a0Questa molteplicit\u00e0 viene enfatizzata dalle linee del disegno che come un\u2019onda creano dei pieni e dei vuoti che la contengono\u201d.<\/p>\n","protected":false},"excerpt":{"rendered":"<p>Il Premio Strega, il riconoscimento letterario promosso da Fondazione Maria e Goffredo Bellonci e Liquore Strega con il contributo della Camera di Commercio di Roma, in collaborazione con BPER Banca, sponsor tecnico IBS.it, annuncia la selezione della dozzina della LXXVI edizione. \u00a0Il Comitato direttivo del premio \u2013 composto da Pietro Abate, Giuseppe D\u2019Avino, Valeria Della [&hellip;]<\/p>\n","protected":false},"author":1,"featured_media":9177,"comment_status":"closed","ping_status":"closed","sticky":false,"template":"","format":"standard","meta":{"footnotes":""},"categories":[4],"tags":[],"class_list":["post-9154","post","type-post","status-publish","format-standard","has-post-thumbnail","hentry","category-notizie"],"_links":{"self":[{"href":"https:\/\/premiostrega.it\/PS\/wp-json\/wp\/v2\/posts\/9154","targetHints":{"allow":["GET"]}}],"collection":[{"href":"https:\/\/premiostrega.it\/PS\/wp-json\/wp\/v2\/posts"}],"about":[{"href":"https:\/\/premiostrega.it\/PS\/wp-json\/wp\/v2\/types\/post"}],"author":[{"embeddable":true,"href":"https:\/\/premiostrega.it\/PS\/wp-json\/wp\/v2\/users\/1"}],"replies":[{"embeddable":true,"href":"https:\/\/premiostrega.it\/PS\/wp-json\/wp\/v2\/comments?post=9154"}],"version-history":[{"count":3,"href":"https:\/\/premiostrega.it\/PS\/wp-json\/wp\/v2\/posts\/9154\/revisions"}],"predecessor-version":[{"id":9178,"href":"https:\/\/premiostrega.it\/PS\/wp-json\/wp\/v2\/posts\/9154\/revisions\/9178"}],"wp:featuredmedia":[{"embeddable":true,"href":"https:\/\/premiostrega.it\/PS\/wp-json\/wp\/v2\/media\/9177"}],"wp:attachment":[{"href":"https:\/\/premiostrega.it\/PS\/wp-json\/wp\/v2\/media?parent=9154"}],"wp:term":[{"taxonomy":"category","embeddable":true,"href":"https:\/\/premiostrega.it\/PS\/wp-json\/wp\/v2\/categories?post=9154"},{"taxonomy":"post_tag","embeddable":true,"href":"https:\/\/premiostrega.it\/PS\/wp-json\/wp\/v2\/tags?post=9154"}],"curies":[{"name":"wp","href":"https:\/\/api.w.org\/{rel}","templated":true}]}}